{"id":3077,"date":"2024-11-28T08:00:00","date_gmt":"2024-11-28T14:00:00","guid":{"rendered":"https:\/\/ahflatamycaribe.org\/el-vih-existe-todo-el-ano\/"},"modified":"2024-12-06T14:51:06","modified_gmt":"2024-12-06T20:51:06","slug":"hiv-exists-all-year-round","status":"publish","type":"post","link":"https:\/\/ahflatamycaribe.org\/en\/hiv-exists-all-year-round\/","title":{"rendered":"HIV exists all year round"},"content":{"rendered":"\n<p>On December 1st, World AIDS Day, the media, institutions, and society often <strong>focus their attention<\/strong> on this pandemic that has affected us for decades. However, HIV doesn\u2019t disappear during the other 364 days\u2014it exists <strong>all year round<\/strong>. For people living with the virus, for those working in prevention, and for all <strong>affected communities<\/strong>, HIV is a constant reality.<\/p>\n\n\n\n<p>Thinking about the virus only one day a year contributes to its invisibility and reduces the urgency of a <strong>comprehensive and sustained response<\/strong>. This is essential if we want to achieve the global goal of <a href=\"https:\/\/www.unaids.org\/en\/resources\/presscentre\/pressreleaseandstatementarchive\/2024\/july\/20240722_global-aids-update#:~:text=Comunicado%20de%20prensa-,El%20nuevo%20informe%20de%20ONUSIDA%20muestra%20que%20la%20pandemia%20de,protegen%20los%20derechos%20humanos%20ahora\" target=\"_blank\" rel=\"noreferrer noopener\">ending AIDS<\/a> as a <strong>public health issue<\/strong> by 2030.<\/p>\n\n\n\n<h2 class=\"wp-block-heading\">HIV, Are You There?<\/h2>\n\n\n\n<p>Have you noticed if the media you consume <strong>talk about HIV<\/strong> beyond December 1st? What about the political spaces you frequent or support? The lack of discussion on the topic not only <strong>reflects<\/strong> <strong>disinterest<\/strong> but also a lack of understanding of the importance of this public health and human rights crisis, which has been affecting humanity for <strong>over 40 years<\/strong>.<\/p>\n\n\n\n<p>HIV is an issue that concerns everyone, <strong>directly or indirectly<\/strong>, as it is closely linked to justice, the right to health, equity, and collective well-being. People living with HIV <strong>are not &#8220;isolated cases&#8221;<\/strong>; they are not just numbers. HIV reflects our societies, which still have much work to do regarding <strong>comprehensive sexual education<\/strong>, access to healthcare services, and eliminating stigma.<\/p>\n\n\n\n<p>You might think you don\u2019t know anyone with HIV. Perhaps it\u2019s time to ask yourself why this topic <strong>hasn\u2019t reached<\/strong> your close circles. People with HIV are everywhere: in your neighborhood, at your workplace, even in <strong>your group of friends<\/strong>. The lack of visibility doesn\u2019t mean they don\u2019t exist; it means that stigma and discrimination are still barriers preventing them from <strong>living without worrying<\/strong> about hiding their diagnosis.<\/p>\n\n\n\n<h2 class=\"wp-block-heading\">Ending AIDS Is Possible, But We Must Work for It<\/h2>\n\n\n\n<p>The goal of a world without AIDS is a commitment for everyone. It\u2019s true that <strong>governments<\/strong> and institutions must provide resources and design health policies, but the rest of society also has a role: to <strong>talk about HIV<\/strong> year-round\u2014in everyday conversations, on social media, in <strong>schools and workplaces<\/strong>, and within families.<\/p>\n\n\n\n<p>Ending AIDS may seem like an ambitious goal, but today we <strong>have the means<\/strong> to achieve it. If 95% of people with HIV receive their diagnosis, 95% of them start treatment, and 95% of the latter <strong>reduce their viral load<\/strong> to undetectable levels, the goal can be reached. If all these objectives, known as 95-95-95, are met, <strong>very few<\/strong> people with HIV would progress to the AIDS stage, reducing the condition\u2019s <strong>impact<\/strong> significantly.<\/p>\n\n\n\n<p>To be part of the <strong>HIV response<\/strong> at an individual level, it\u2019s important to educate yourself, bring the topic to the table, and get <strong>tested<\/strong> to know your health status. Breaking prejudices surrounding the virus will help build a <strong>more supportive and humane<\/strong> environment.<\/p>\n\n\n\n<h2 class=\"wp-block-heading\">Let\u2019s Talk About HIV for a Better Life<\/h2>\n\n\n\n<p>Talking about HIV is talking about <strong>human rights<\/strong>. It means recognizing that discrimination, lack of access to treatments, and social inequalities are barriers we must work to eliminate. The problem belongs to everyone, and <strong>so does the solution<\/strong>. It\u2019s time for HIV to become part of our daily conversations\u2014not just out of solidarity, but because <strong>understanding, preventing, and addressing it<\/strong> benefits society as a whole.<\/p>\n\n\n\n<p>Misinformation and stigma perpetuate fear, and that fear is an obstacle to change. Talking about HIV <strong>year-round<\/strong> is a way to break this vicious cycle. Every time we talk about it, listen to those living with the virus, and <strong>demand changes<\/strong> in public policies, we take another step toward ending AIDS.<\/p>\n\n\n\n<p>So now you know: <strong>take the first step<\/strong> and get tested for HIV. At AHF Latin America and the Caribbean, tests are <strong>free, reliable, and fast<\/strong>. Locate <a href=\"https:\/\/ahflatamycaribe.org\/en\/services-in-latam-and-caribbean\/\" target=\"_blank\" rel=\"noreferrer noopener\">our offices in your country<\/a> or contact us via WhatsApp to schedule your appointment now.<\/p>\n\n\n\n<p><\/p>\n","protected":false},"excerpt":{"rendered":"<p>El D\u00eda Mundial del Sida es cuando los medios, las instituciones y la sociedad centran su atenci\u00f3n en esta pandemia. Sin embargo, el VIH existe todo el a\u00f1o.<\/p>\n","protected":false},"author":5,"featured_media":2976,"comment_status":"closed","ping_status":"closed","sticky":false,"template":"","format":"standard","meta":{"footnotes":""},"categories":[50],"tags":[],"class_list":["post-3077","post","type-post","status-publish","format-standard","has-post-thumbnail","hentry","category-living-well-with-hiv-en"],"aioseo_notices":[],"_links":{"self":[{"href":"https:\/\/ahflatamycaribe.org\/en\/wp-json\/wp\/v2\/posts\/3077","targetHints":{"allow":["GET"]}}],"collection":[{"href":"https:\/\/ahflatamycaribe.org\/en\/wp-json\/wp\/v2\/posts"}],"about":[{"href":"https:\/\/ahflatamycaribe.org\/en\/wp-json\/wp\/v2\/types\/post"}],"author":[{"embeddable":true,"href":"https:\/\/ahflatamycaribe.org\/en\/wp-json\/wp\/v2\/users\/5"}],"replies":[{"embeddable":true,"href":"https:\/\/ahflatamycaribe.org\/en\/wp-json\/wp\/v2\/comments?post=3077"}],"version-history":[{"count":0,"href":"https:\/\/ahflatamycaribe.org\/en\/wp-json\/wp\/v2\/posts\/3077\/revisions"}],"wp:featuredmedia":[{"embeddable":true,"href":"https:\/\/ahflatamycaribe.org\/en\/wp-json\/wp\/v2\/media\/2976"}],"wp:attachment":[{"href":"https:\/\/ahflatamycaribe.org\/en\/wp-json\/wp\/v2\/media?parent=3077"}],"wp:term":[{"taxonomy":"category","embeddable":true,"href":"https:\/\/ahflatamycaribe.org\/en\/wp-json\/wp\/v2\/categories?post=3077"},{"taxonomy":"post_tag","embeddable":true,"href":"https:\/\/ahflatamycaribe.org\/en\/wp-json\/wp\/v2\/tags?post=3077"}],"curies":[{"name":"wp","href":"https:\/\/api.w.org\/{rel}","templated":true}]}}